{"id":61251,"date":"2025-11-15T19:28:46","date_gmt":"2025-11-15T18:28:46","guid":{"rendered":"https:\/\/peshmergekan.com\/?p=61251"},"modified":"2025-11-15T19:28:46","modified_gmt":"2025-11-15T18:28:46","slug":"kemina-mykonose-kustina-dr-serefkendi","status":"publish","type":"post","link":"https:\/\/peshmergekan.com\/?p=61251","title":{"rendered":"Kem\u00eena Mykonos&#8217;\u00ea: Ku\u015ftina Dr. \u015eerefkend\u00ee"},"content":{"rendered":"<p>Rojnameger \u00fb niv\u00eeskar Perwer Armed di pirt\u00fbka xwe Kem\u00eena Mykonons\u2019\u00ea de li ser v\u00ea su\u00eeqast\u00ea h\u00fbr b\u00fbye \u00fb di encama l\u00eakol\u00eenkirina hezaran r\u00fbpel belge \u00fb hevd\u00eetin\u00ean digel bi dehan \u015fahidan de aliy\u00ean v\u00ea su\u00eeqast\u00ea derxistine hol\u00ea, ku heta niha nedihatin zan\u00een.<\/p>\n<p><a href=\"https:\/\/www1.wdr.de\/radio\/cosmo\/programm\/sendungen\/bernama-kurdi\/civak\/pirtuka-kemina-mykonose-100.html\" target=\"_blank\" rel=\"noopener\"><img loading=\"lazy\" decoding=\"async\" class=\"alignnone size-medium wp-image-61252\" src=\"https:\/\/peshmergekan.com\/wp-content\/uploads\/2025\/11\/Screenshot-2025-11-15-at-19-24-36-Kemina-Mykonose-Kustina-Dr.-Serefkendi-CIVAK-COSMO-Kurdi-Programm-Radio-WDR-300x285.png\" alt=\"\" width=\"300\" height=\"285\" srcset=\"https:\/\/peshmergekan.com\/wp-content\/uploads\/2025\/11\/Screenshot-2025-11-15-at-19-24-36-Kemina-Mykonose-Kustina-Dr.-Serefkendi-CIVAK-COSMO-Kurdi-Programm-Radio-WDR-300x285.png 300w, https:\/\/peshmergekan.com\/wp-content\/uploads\/2025\/11\/Screenshot-2025-11-15-at-19-24-36-Kemina-Mykonose-Kustina-Dr.-Serefkendi-CIVAK-COSMO-Kurdi-Programm-Radio-WDR-150x142.png 150w, https:\/\/peshmergekan.com\/wp-content\/uploads\/2025\/11\/Screenshot-2025-11-15-at-19-24-36-Kemina-Mykonose-Kustina-Dr.-Serefkendi-CIVAK-COSMO-Kurdi-Programm-Radio-WDR.png 681w\" sizes=\"auto, (max-width: 300px) 100vw, 300px\" \/><\/a><\/p>\n<p>&nbsp;<\/p>\n<audio class=\"wp-audio-shortcode\" id=\"audio-61251-1\" preload=\"none\" style=\"width: 100%;\" controls=\"controls\"><source type=\"audio\/mpeg\" src=\"https:\/\/wdrmedien-a.akamaihd.net\/media\/p\/public\/weltweit\/2025\/11\/13\/95b590e0-132e-40c2-b3cb-41428060f726\/95b590e0-132e-40c2-b3cb-41428060f726_MP3-128.mp3?_=1\" \/><a href=\"https:\/\/wdrmedien-a.akamaihd.net\/media\/p\/public\/weltweit\/2025\/11\/13\/95b590e0-132e-40c2-b3cb-41428060f726\/95b590e0-132e-40c2-b3cb-41428060f726_MP3-128.mp3\">https:\/\/wdrmedien-a.akamaihd.net\/media\/p\/public\/weltweit\/2025\/11\/13\/95b590e0-132e-40c2-b3cb-41428060f726\/95b590e0-132e-40c2-b3cb-41428060f726_MP3-128.mp3<\/a><\/audio>\n<p>Von Celil Kaya<\/p>\n<p>Di 17\u2019\u00ea \u00celona 1992\u2019an de, sekreter\u00ea gi\u015ft\u00ee y\u00ea KDP-\u00ce Dr. Sadiq \u015eerefkend\u00ee, n\u00fbner\u00ea Fransa\u2019y\u00ea Fettah Abdol\u00ee, n\u00fbner\u00ea Almanya\u2019y\u00ea H\u00fbmay\u00fbn Erdelan \u00fb werg\u00ear N\u00fbr\u00ee Dehkord\u00ee li Berl\u00een\u2019\u00ea di restorana Mykonos de, hatin qetil kirin. \u015eandeya KDP -\u00ce li ser vexwendina SPD\u2019\u00ea hatib\u00fb Berl\u00een\u2019\u00ea, da ku di Kongreya Sosyal\u00eest \u00centernasyonel de be\u015fdar bibin. W\u00ea roj\u00ea biryar b\u00fb, digel n\u00fbner\u00ean din \u00ean muxalefeta \u00ceran\u2019\u00ea kom bibin.<\/p>\n<p>3 sal beriya w\u00ea su\u00eeqast\u00ea anku di 1989\u2019an de, serok\u00ea KDP-\u00ce y\u00ea beriya Dr. \u015eerefkend\u00ee, Abdurrahman Qasiml\u00fb j\u00ee li V\u00eeyena\u2019y\u00ea li ser maseya muzakerey\u00ean digel \u00ceran\u2019\u00ea de hatib\u00fb ku\u015ftin. S\u00ea kujer\u00ean Abdurrah Qasimlo, b\u00eay\u00ee ku werin darizandin serbest hatin berdan. Heta yek ji wan xwed\u00ee pasaporteke d\u00eeplomat\u00eek b\u00fb \u00fb bi eskorta pol\u00eesa Awisturyay\u00ee heta balafirgeh\u00ea \u00e7\u00fbb\u00fb. J\u00ea dihat tirs\u00een, ku heman ti\u015ft li Almanya\u2019y\u00ea j\u00ee r\u00fb bide \u00fb kujer bifilitin. L\u00ea bel\u00ea weha neb\u00fb, \u00fb di encam\u00ea de Dadgeha Bilind a Berl\u00een\u2019\u00ea biryareke d\u00eerok\u00ee da.<\/p>\n<p>Darizandina Mykonos\u2019\u00ea 13 meh pi\u015ft\u00ee b\u00fbyer\u00ea dest p\u00ea kir \u00fb 3,5 salan domr kir. Doz di 10\u2019\u00ea N\u00eesan\u00ea 1997\u2019an de, pi\u015ft\u00ee 247 r\u00fbni\u015ftin \u00fb guhdar\u00eekirina 170 \u015fahid bi daw\u00ee hat. Hem\u00fb bers\u00fbc hatin mehk\u00fbm kirin. Ebbas Rhayel \u00fb Kazem Darab\u00ee cezay\u00ea muebbet\u00ea stendin. Dadgeh\u00ea herweha, 4 serkirdey\u00ean Komara \u00ceslam\u00ee ya \u00ceran\u2019\u00ea j\u00ee ji ber ku fermana su\u00eeqast\u00ean dij muxal\u00eefan dane wek\u00ee s\u00fbcdar p\u00eanase kirin. R\u00eaber\u00ea Cumhur\u00ee \u00ceSlam\u00ee El\u00ee Xamaney\u00ee, serok\u00ea w\u00ea dem\u00ea Ekber Ha\u015fim\u00ee Rafsancan\u00ee, Wez\u00eer\u00ea Derve El\u00ee Ekber Velayet\u00ee \u00fb Wez\u00eer\u00ea \u00eest\u00eexbarat\u00ea El\u00ee Fellahiyan. Bi v\u00ea biryar\u00ea dadgeh\u00ea cara p\u00ea\u015f\u00een \u00ear\u00ee\u015fek wek\u00ee \u201cterora dewlet\u00ea\u201d bi nav kir.<\/p>\n","protected":false},"excerpt":{"rendered":"<p>Rojnameger \u00fb niv\u00eeskar Perwer Armed di pirt\u00fbka xwe Kem\u00eena Mykonons\u2019\u00ea de li ser v\u00ea su\u00eeqast\u00ea h\u00fbr b\u00fbye \u00fb di encama l\u00eakol\u00eenkirina hezaran r\u00fbpel belge \u00fb hevd\u00eetin\u00ean digel bi dehan \u015fahidan de aliy\u00ean v\u00ea su\u00eeqast\u00ea derxistine hol\u00ea, ku heta niha nedihatin zan\u00een. &nbsp; https:\/\/wdrmedien-a.akamaihd.net\/media\/p\/public\/weltweit\/2025\/11\/13\/95b590e0-132e-40c2-b3cb-41428060f726\/95b590e0-132e-40c2-b3cb-41428060f726_MP3-128.mp3 Von Celil Kaya Di 17\u2019\u00ea \u00celona 1992\u2019an de, sekreter\u00ea gi\u015ft\u00ee y\u00ea KDP-\u00ce&hellip;&nbsp;<a href=\"https:\/\/peshmergekan.com\/?p=61251\" rel=\"bookmark\">L\u00e4s mer &raquo;<span class=\"screen-reader-text\">Kem\u00eena Mykonos&#8217;\u00ea: Ku\u015ftina Dr. \u015eerefkend\u00ee<\/span><\/a><\/p>\n","protected":false},"author":1,"featured_media":0,"comment_status":"closed","ping_status":"closed","sticky":false,"template":"","format":"standard","meta":{"neve_meta_sidebar":"","neve_meta_container":"","neve_meta_enable_content_width":"off","neve_meta_content_width":70,"neve_meta_title_alignment":"","neve_meta_author_avatar":"","neve_post_elements_order":"","neve_meta_disable_header":"","neve_meta_disable_footer":"","neve_meta_disable_title":"","footnotes":""},"categories":[124],"tags":[],"class_list":["post-61251","post","type-post","status-publish","format-standard","hentry","category-124"],"yoast_head":"<!-- This site is optimized with the Yoast SEO plugin v27.5 - https:\/\/yoast.com\/product\/yoast-seo-wordpress\/ -->\n<title>Kem\u00eena Mykonos&#039;\u00ea: Ku\u015ftina Dr. \u015eerefkend\u00ee - Peshmergekan<\/title>\n<meta name=\"description\" content=\"Kem\u00eena Mykonos&#039;\u00ea: Ku\u015ftina Dr. \u015eerefkend\u00ee - Peshmergekan\" \/>\n<meta name=\"robots\" content=\"index, follow, max-snippet:-1, max-image-preview:large, max-video-preview:-1\" \/>\n<link rel=\"canonical\" href=\"https:\/\/peshmergekan.com\/?p=61251\" \/>\n<meta property=\"og:locale\" content=\"sv_SE\" \/>\n<meta property=\"og:type\" content=\"article\" \/>\n<meta property=\"og:title\" content=\"Kem\u00eena Mykonos&#039;\u00ea: Ku\u015ftina Dr. \u015eerefkend\u00ee - Peshmergekan\" \/>\n<meta property=\"og:description\" content=\"Kem\u00eena Mykonos&#039;\u00ea: Ku\u015ftina Dr. \u015eerefkend\u00ee - Peshmergekan\" \/>\n<meta property=\"og:url\" content=\"https:\/\/peshmergekan.com\/?p=61251\" \/>\n<meta property=\"og:site_name\" content=\"Peshmergekan\" \/>\n<meta property=\"article:publisher\" content=\"https:\/\/www.facebook.com\/profile.php?id=100063627368087\" \/>\n<meta property=\"article:published_time\" content=\"2025-11-15T18:28:46+00:00\" \/>\n<meta property=\"og:image\" content=\"https:\/\/peshmergekan.com\/wp-content\/uploads\/2025\/11\/Screenshot-2025-11-15-at-19-24-36-Kemina-Mykonose-Kustina-Dr.-Serefkendi-CIVAK-COSMO-Kurdi-Programm-Radio-WDR.png\" \/>\n\t<meta property=\"og:image:width\" content=\"681\" \/>\n\t<meta property=\"og:image:height\" content=\"646\" \/>\n\t<meta property=\"og:image:type\" content=\"image\/png\" \/>\n<meta name=\"author\" content=\"saman\" \/>\n<meta name=\"twitter:card\" content=\"summary_large_image\" \/>\n<meta name=\"twitter:label1\" content=\"Skriven av\" \/>\n\t<meta name=\"twitter:data1\" content=\"saman\" \/>\n\t<meta name=\"twitter:label2\" content=\"Ber\u00e4knad l\u00e4stid\" \/>\n\t<meta name=\"twitter:data2\" content=\"2 minuter\" \/>\n<script type=\"application\/ld+json\" class=\"yoast-schema-graph\">{\"@context\":\"https:\\\/\\\/schema.org\",\"@graph\":[{\"@type\":\"Article\",\"@id\":\"https:\\\/\\\/peshmergekan.com\\\/?p=61251#article\",\"isPartOf\":{\"@id\":\"https:\\\/\\\/peshmergekan.com\\\/?p=61251\"},\"author\":{\"name\":\"saman\",\"@id\":\"https:\\\/\\\/peshmergekan.com\\\/#\\\/schema\\\/person\\\/48663af532f6fdbc858752f96913e1f6\"},\"headline\":\"Kem\u00eena Mykonos&#8217;\u00ea: Ku\u015ftina Dr. \u015eerefkend\u00ee\",\"datePublished\":\"2025-11-15T18:28:46+00:00\",\"mainEntityOfPage\":{\"@id\":\"https:\\\/\\\/peshmergekan.com\\\/?p=61251\"},\"wordCount\":372,\"publisher\":{\"@id\":\"https:\\\/\\\/peshmergekan.com\\\/#organization\"},\"image\":{\"@id\":\"https:\\\/\\\/peshmergekan.com\\\/?p=61251#primaryimage\"},\"thumbnailUrl\":\"https:\\\/\\\/peshmergekan.com\\\/wp-content\\\/uploads\\\/2025\\\/11\\\/Screenshot-2025-11-15-at-19-24-36-Kemina-Mykonose-Kustina-Dr.-Serefkendi-CIVAK-COSMO-Kurdi-Programm-Radio-WDR-300x285.png\",\"articleSection\":[\"\u062a\u06cc\u0631\u06c6\u0631\"],\"inLanguage\":\"sv-SE\"},{\"@type\":\"WebPage\",\"@id\":\"https:\\\/\\\/peshmergekan.com\\\/?p=61251\",\"url\":\"https:\\\/\\\/peshmergekan.com\\\/?p=61251\",\"name\":\"Kem\u00eena Mykonos'\u00ea: Ku\u015ftina Dr. \u015eerefkend\u00ee - Peshmergekan\",\"isPartOf\":{\"@id\":\"https:\\\/\\\/peshmergekan.com\\\/#website\"},\"primaryImageOfPage\":{\"@id\":\"https:\\\/\\\/peshmergekan.com\\\/?p=61251#primaryimage\"},\"image\":{\"@id\":\"https:\\\/\\\/peshmergekan.com\\\/?p=61251#primaryimage\"},\"thumbnailUrl\":\"https:\\\/\\\/peshmergekan.com\\\/wp-content\\\/uploads\\\/2025\\\/11\\\/Screenshot-2025-11-15-at-19-24-36-Kemina-Mykonose-Kustina-Dr.-Serefkendi-CIVAK-COSMO-Kurdi-Programm-Radio-WDR-300x285.png\",\"datePublished\":\"2025-11-15T18:28:46+00:00\",\"description\":\"Kem\u00eena Mykonos'\u00ea: Ku\u015ftina Dr. \u015eerefkend\u00ee - Peshmergekan\",\"breadcrumb\":{\"@id\":\"https:\\\/\\\/peshmergekan.com\\\/?p=61251#breadcrumb\"},\"inLanguage\":\"sv-SE\",\"potentialAction\":[{\"@type\":\"ReadAction\",\"target\":[\"https:\\\/\\\/peshmergekan.com\\\/?p=61251\"]}]},{\"@type\":\"ImageObject\",\"inLanguage\":\"sv-SE\",\"@id\":\"https:\\\/\\\/peshmergekan.com\\\/?p=61251#primaryimage\",\"url\":\"https:\\\/\\\/peshmergekan.com\\\/wp-content\\\/uploads\\\/2025\\\/11\\\/Screenshot-2025-11-15-at-19-24-36-Kemina-Mykonose-Kustina-Dr.-Serefkendi-CIVAK-COSMO-Kurdi-Programm-Radio-WDR.png\",\"contentUrl\":\"https:\\\/\\\/peshmergekan.com\\\/wp-content\\\/uploads\\\/2025\\\/11\\\/Screenshot-2025-11-15-at-19-24-36-Kemina-Mykonose-Kustina-Dr.-Serefkendi-CIVAK-COSMO-Kurdi-Programm-Radio-WDR.png\",\"width\":681,\"height\":646},{\"@type\":\"BreadcrumbList\",\"@id\":\"https:\\\/\\\/peshmergekan.com\\\/?p=61251#breadcrumb\",\"itemListElement\":[{\"@type\":\"ListItem\",\"position\":1,\"name\":\"Hem\",\"item\":\"https:\\\/\\\/peshmergekan.com\\\/\"},{\"@type\":\"ListItem\",\"position\":2,\"name\":\"Kem\u00eena Mykonos&#8217;\u00ea: Ku\u015ftina Dr. \u015eerefkend\u00ee\"}]},{\"@type\":\"WebSite\",\"@id\":\"https:\\\/\\\/peshmergekan.com\\\/#website\",\"url\":\"https:\\\/\\\/peshmergekan.com\\\/\",\"name\":\"Peshmergekan\",\"description\":\"&quot;an independent online kurdish website\",\"publisher\":{\"@id\":\"https:\\\/\\\/peshmergekan.com\\\/#organization\"},\"potentialAction\":[{\"@type\":\"SearchAction\",\"target\":{\"@type\":\"EntryPoint\",\"urlTemplate\":\"https:\\\/\\\/peshmergekan.com\\\/?s={search_term_string}\"},\"query-input\":{\"@type\":\"PropertyValueSpecification\",\"valueRequired\":true,\"valueName\":\"search_term_string\"}}],\"inLanguage\":\"sv-SE\"},{\"@type\":\"Organization\",\"@id\":\"https:\\\/\\\/peshmergekan.com\\\/#organization\",\"name\":\"Peshmergekan\",\"url\":\"https:\\\/\\\/peshmergekan.com\\\/\",\"logo\":{\"@type\":\"ImageObject\",\"inLanguage\":\"sv-SE\",\"@id\":\"https:\\\/\\\/peshmergekan.com\\\/#\\\/schema\\\/logo\\\/image\\\/\",\"url\":\"https:\\\/\\\/peshmergekan.com\\\/wp-content\\\/uploads\\\/2025\\\/03\\\/cropped-logo-pm-seru.jpg\",\"contentUrl\":\"https:\\\/\\\/peshmergekan.com\\\/wp-content\\\/uploads\\\/2025\\\/03\\\/cropped-logo-pm-seru.jpg\",\"width\":512,\"height\":512,\"caption\":\"Peshmergekan\"},\"image\":{\"@id\":\"https:\\\/\\\/peshmergekan.com\\\/#\\\/schema\\\/logo\\\/image\\\/\"},\"sameAs\":[\"https:\\\/\\\/www.facebook.com\\\/profile.php?id=100063627368087\"]},{\"@type\":\"Person\",\"@id\":\"https:\\\/\\\/peshmergekan.com\\\/#\\\/schema\\\/person\\\/48663af532f6fdbc858752f96913e1f6\",\"name\":\"saman\",\"image\":{\"@type\":\"ImageObject\",\"inLanguage\":\"sv-SE\",\"@id\":\"https:\\\/\\\/secure.gravatar.com\\\/avatar\\\/6a7893db7d0f079df463db51b32369859852e40bac700edf8b703562983be96d?s=96&d=blank&r=g\",\"url\":\"https:\\\/\\\/secure.gravatar.com\\\/avatar\\\/6a7893db7d0f079df463db51b32369859852e40bac700edf8b703562983be96d?s=96&d=blank&r=g\",\"contentUrl\":\"https:\\\/\\\/secure.gravatar.com\\\/avatar\\\/6a7893db7d0f079df463db51b32369859852e40bac700edf8b703562983be96d?s=96&d=blank&r=g\",\"caption\":\"saman\"},\"url\":\"https:\\\/\\\/peshmergekan.com\\\/?author=1\"}]}<\/script>\n<!-- \/ Yoast SEO plugin. -->","yoast_head_json":{"title":"Kem\u00eena Mykonos'\u00ea: Ku\u015ftina Dr. \u015eerefkend\u00ee - Peshmergekan","description":"Kem\u00eena Mykonos'\u00ea: Ku\u015ftina Dr. \u015eerefkend\u00ee - Peshmergekan","robots":{"index":"index","follow":"follow","max-snippet":"max-snippet:-1","max-image-preview":"max-image-preview:large","max-video-preview":"max-video-preview:-1"},"canonical":"https:\/\/peshmergekan.com\/?p=61251","og_locale":"sv_SE","og_type":"article","og_title":"Kem\u00eena Mykonos'\u00ea: Ku\u015ftina Dr. \u015eerefkend\u00ee - Peshmergekan","og_description":"Kem\u00eena Mykonos'\u00ea: Ku\u015ftina Dr. \u015eerefkend\u00ee - Peshmergekan","og_url":"https:\/\/peshmergekan.com\/?p=61251","og_site_name":"Peshmergekan","article_publisher":"https:\/\/www.facebook.com\/profile.php?id=100063627368087","article_published_time":"2025-11-15T18:28:46+00:00","og_image":[{"width":681,"height":646,"url":"https:\/\/peshmergekan.com\/wp-content\/uploads\/2025\/11\/Screenshot-2025-11-15-at-19-24-36-Kemina-Mykonose-Kustina-Dr.-Serefkendi-CIVAK-COSMO-Kurdi-Programm-Radio-WDR.png","type":"image\/png"}],"author":"saman","twitter_card":"summary_large_image","twitter_misc":{"Skriven av":"saman","Ber\u00e4knad l\u00e4stid":"2 minuter"},"schema":{"@context":"https:\/\/schema.org","@graph":[{"@type":"Article","@id":"https:\/\/peshmergekan.com\/?p=61251#article","isPartOf":{"@id":"https:\/\/peshmergekan.com\/?p=61251"},"author":{"name":"saman","@id":"https:\/\/peshmergekan.com\/#\/schema\/person\/48663af532f6fdbc858752f96913e1f6"},"headline":"Kem\u00eena Mykonos&#8217;\u00ea: Ku\u015ftina Dr. \u015eerefkend\u00ee","datePublished":"2025-11-15T18:28:46+00:00","mainEntityOfPage":{"@id":"https:\/\/peshmergekan.com\/?p=61251"},"wordCount":372,"publisher":{"@id":"https:\/\/peshmergekan.com\/#organization"},"image":{"@id":"https:\/\/peshmergekan.com\/?p=61251#primaryimage"},"thumbnailUrl":"https:\/\/peshmergekan.com\/wp-content\/uploads\/2025\/11\/Screenshot-2025-11-15-at-19-24-36-Kemina-Mykonose-Kustina-Dr.-Serefkendi-CIVAK-COSMO-Kurdi-Programm-Radio-WDR-300x285.png","articleSection":["\u062a\u06cc\u0631\u06c6\u0631"],"inLanguage":"sv-SE"},{"@type":"WebPage","@id":"https:\/\/peshmergekan.com\/?p=61251","url":"https:\/\/peshmergekan.com\/?p=61251","name":"Kem\u00eena Mykonos'\u00ea: Ku\u015ftina Dr. \u015eerefkend\u00ee - Peshmergekan","isPartOf":{"@id":"https:\/\/peshmergekan.com\/#website"},"primaryImageOfPage":{"@id":"https:\/\/peshmergekan.com\/?p=61251#primaryimage"},"image":{"@id":"https:\/\/peshmergekan.com\/?p=61251#primaryimage"},"thumbnailUrl":"https:\/\/peshmergekan.com\/wp-content\/uploads\/2025\/11\/Screenshot-2025-11-15-at-19-24-36-Kemina-Mykonose-Kustina-Dr.-Serefkendi-CIVAK-COSMO-Kurdi-Programm-Radio-WDR-300x285.png","datePublished":"2025-11-15T18:28:46+00:00","description":"Kem\u00eena Mykonos'\u00ea: Ku\u015ftina Dr. \u015eerefkend\u00ee - Peshmergekan","breadcrumb":{"@id":"https:\/\/peshmergekan.com\/?p=61251#breadcrumb"},"inLanguage":"sv-SE","potentialAction":[{"@type":"ReadAction","target":["https:\/\/peshmergekan.com\/?p=61251"]}]},{"@type":"ImageObject","inLanguage":"sv-SE","@id":"https:\/\/peshmergekan.com\/?p=61251#primaryimage","url":"https:\/\/peshmergekan.com\/wp-content\/uploads\/2025\/11\/Screenshot-2025-11-15-at-19-24-36-Kemina-Mykonose-Kustina-Dr.-Serefkendi-CIVAK-COSMO-Kurdi-Programm-Radio-WDR.png","contentUrl":"https:\/\/peshmergekan.com\/wp-content\/uploads\/2025\/11\/Screenshot-2025-11-15-at-19-24-36-Kemina-Mykonose-Kustina-Dr.-Serefkendi-CIVAK-COSMO-Kurdi-Programm-Radio-WDR.png","width":681,"height":646},{"@type":"BreadcrumbList","@id":"https:\/\/peshmergekan.com\/?p=61251#breadcrumb","itemListElement":[{"@type":"ListItem","position":1,"name":"Hem","item":"https:\/\/peshmergekan.com\/"},{"@type":"ListItem","position":2,"name":"Kem\u00eena Mykonos&#8217;\u00ea: Ku\u015ftina Dr. \u015eerefkend\u00ee"}]},{"@type":"WebSite","@id":"https:\/\/peshmergekan.com\/#website","url":"https:\/\/peshmergekan.com\/","name":"Peshmergekan","description":"&quot;an independent online kurdish website","publisher":{"@id":"https:\/\/peshmergekan.com\/#organization"},"potentialAction":[{"@type":"SearchAction","target":{"@type":"EntryPoint","urlTemplate":"https:\/\/peshmergekan.com\/?s={search_term_string}"},"query-input":{"@type":"PropertyValueSpecification","valueRequired":true,"valueName":"search_term_string"}}],"inLanguage":"sv-SE"},{"@type":"Organization","@id":"https:\/\/peshmergekan.com\/#organization","name":"Peshmergekan","url":"https:\/\/peshmergekan.com\/","logo":{"@type":"ImageObject","inLanguage":"sv-SE","@id":"https:\/\/peshmergekan.com\/#\/schema\/logo\/image\/","url":"https:\/\/peshmergekan.com\/wp-content\/uploads\/2025\/03\/cropped-logo-pm-seru.jpg","contentUrl":"https:\/\/peshmergekan.com\/wp-content\/uploads\/2025\/03\/cropped-logo-pm-seru.jpg","width":512,"height":512,"caption":"Peshmergekan"},"image":{"@id":"https:\/\/peshmergekan.com\/#\/schema\/logo\/image\/"},"sameAs":["https:\/\/www.facebook.com\/profile.php?id=100063627368087"]},{"@type":"Person","@id":"https:\/\/peshmergekan.com\/#\/schema\/person\/48663af532f6fdbc858752f96913e1f6","name":"saman","image":{"@type":"ImageObject","inLanguage":"sv-SE","@id":"https:\/\/secure.gravatar.com\/avatar\/6a7893db7d0f079df463db51b32369859852e40bac700edf8b703562983be96d?s=96&d=blank&r=g","url":"https:\/\/secure.gravatar.com\/avatar\/6a7893db7d0f079df463db51b32369859852e40bac700edf8b703562983be96d?s=96&d=blank&r=g","contentUrl":"https:\/\/secure.gravatar.com\/avatar\/6a7893db7d0f079df463db51b32369859852e40bac700edf8b703562983be96d?s=96&d=blank&r=g","caption":"saman"},"url":"https:\/\/peshmergekan.com\/?author=1"}]}},"_links":{"self":[{"href":"https:\/\/peshmergekan.com\/index.php?rest_route=\/wp\/v2\/posts\/61251","targetHints":{"allow":["GET"]}}],"collection":[{"href":"https:\/\/peshmergekan.com\/index.php?rest_route=\/wp\/v2\/posts"}],"about":[{"href":"https:\/\/peshmergekan.com\/index.php?rest_route=\/wp\/v2\/types\/post"}],"author":[{"embeddable":true,"href":"https:\/\/peshmergekan.com\/index.php?rest_route=\/wp\/v2\/users\/1"}],"replies":[{"embeddable":true,"href":"https:\/\/peshmergekan.com\/index.php?rest_route=%2Fwp%2Fv2%2Fcomments&post=61251"}],"version-history":[{"count":0,"href":"https:\/\/peshmergekan.com\/index.php?rest_route=\/wp\/v2\/posts\/61251\/revisions"}],"wp:attachment":[{"href":"https:\/\/peshmergekan.com\/index.php?rest_route=%2Fwp%2Fv2%2Fmedia&parent=61251"}],"wp:term":[{"taxonomy":"category","embeddable":true,"href":"https:\/\/peshmergekan.com\/index.php?rest_route=%2Fwp%2Fv2%2Fcategories&post=61251"},{"taxonomy":"post_tag","embeddable":true,"href":"https:\/\/peshmergekan.com\/index.php?rest_route=%2Fwp%2Fv2%2Ftags&post=61251"}],"curies":[{"name":"wp","href":"https:\/\/api.w.org\/{rel}","templated":true}]}}